{"id":989,"date":"2024-12-03T12:49:21","date_gmt":"2024-12-03T15:49:21","guid":{"rendered":"https:\/\/sindicatoapag.cl\/sitio\/?p=989"},"modified":"2024-12-03T15:34:56","modified_gmt":"2024-12-03T18:34:56","slug":"giftcard-2024","status":"publish","type":"post","link":"https:\/\/sindicatoapag.cl\/sitio\/giftcard-2024\/","title":{"rendered":"GiftCard 2024"},"content":{"rendered":"<p><img loading=\"lazy\" decoding=\"async\" class=\"aligncenter size-full wp-image-990\" src=\"https:\/\/sindicatoapag.cl\/sitio\/wp-content\/uploads\/2024\/12\/giftcard.jpg\" alt=\"\" width=\"660\" height=\"330\" srcset=\"https:\/\/sindicatoapag.cl\/sitio\/wp-content\/uploads\/2024\/12\/giftcard.jpg 660w, https:\/\/sindicatoapag.cl\/sitio\/wp-content\/uploads\/2024\/12\/giftcard-300x150.jpg 300w\" sizes=\"auto, (max-width: 660px) 100vw, 660px\" \/><\/p>\n<p>Queridos socios,<\/p>\n<p>En este mes de alegr\u00eda y celebraci\u00f3n, <strong>queremos informar que est\u00e9n atentos a sus correos los d\u00edas 7 y 8 de este mes. \u00a1Les llegar\u00e1 su Gift Card del a\u00f1o 2024 para que lo disfruten junto a sus seres queridos!<\/strong><\/p>\n<p>Esta se puede usar en cualquier tienda del Grupo Falabella.<\/p>\n<p><img loading=\"lazy\" decoding=\"async\" class=\"aligncenter size-full wp-image-991\" src=\"https:\/\/sindicatoapag.cl\/sitio\/wp-content\/uploads\/2024\/12\/falabella.jpg\" alt=\"\" width=\"644\" height=\"127\" srcset=\"https:\/\/sindicatoapag.cl\/sitio\/wp-content\/uploads\/2024\/12\/falabella.jpg 644w, https:\/\/sindicatoapag.cl\/sitio\/wp-content\/uploads\/2024\/12\/falabella-300x59.jpg 300w\" sizes=\"auto, (max-width: 644px) 100vw, 644px\" \/><\/p>\n<p>Cordialmente,<\/p>\n<p>La Directiva<\/p>\n","protected":false},"excerpt":{"rendered":"<p>Queridos socios, En este mes de alegr\u00eda y celebraci\u00f3n, queremos informar que est\u00e9n atentos a sus correos los d\u00edas 7 y 8 de este mes. \u00a1Les llegar\u00e1 su Gift Card del a\u00f1o 2024 para que lo disfruten junto a sus seres queridos! Esta se puede usar en cualquier tienda del Grupo Falabella. Cordialmente, La Directiva<\/p>\n","protected":false},"author":1,"featured_media":990,"comment_status":"open","ping_status":"open","sticky":false,"template":"","format":"standard","meta":{"footnotes":""},"categories":[21,1,14],"tags":[],"class_list":["post-989","post","type-post","status-publish","format-standard","has-post-thumbnail","","category-21","category-noticias","category-noticiasdelsindicato"],"publishpress_future_action":{"enabled":false,"date":"2026-05-06 22:08:40","action":"change-status","newStatus":"draft","terms":[],"taxonomy":"category","extraData":[]},"publishpress_future_workflow_manual_trigger":{"enabledWorkflows":[]},"_links":{"self":[{"href":"https:\/\/sindicatoapag.cl\/sitio\/wp-json\/wp\/v2\/posts\/989","targetHints":{"allow":["GET"]}}],"collection":[{"href":"https:\/\/sindicatoapag.cl\/sitio\/wp-json\/wp\/v2\/posts"}],"about":[{"href":"https:\/\/sindicatoapag.cl\/sitio\/wp-json\/wp\/v2\/types\/post"}],"author":[{"embeddable":true,"href":"https:\/\/sindicatoapag.cl\/sitio\/wp-json\/wp\/v2\/users\/1"}],"replies":[{"embeddable":true,"href":"https:\/\/sindicatoapag.cl\/sitio\/wp-json\/wp\/v2\/comments?post=989"}],"version-history":[{"count":5,"href":"https:\/\/sindicatoapag.cl\/sitio\/wp-json\/wp\/v2\/posts\/989\/revisions"}],"predecessor-version":[{"id":996,"href":"https:\/\/sindicatoapag.cl\/sitio\/wp-json\/wp\/v2\/posts\/989\/revisions\/996"}],"wp:featuredmedia":[{"embeddable":true,"href":"https:\/\/sindicatoapag.cl\/sitio\/wp-json\/wp\/v2\/media\/990"}],"wp:attachment":[{"href":"https:\/\/sindicatoapag.cl\/sitio\/wp-json\/wp\/v2\/media?parent=989"}],"wp:term":[{"taxonomy":"category","embeddable":true,"href":"https:\/\/sindicatoapag.cl\/sitio\/wp-json\/wp\/v2\/categories?post=989"},{"taxonomy":"post_tag","embeddable":true,"href":"https:\/\/sindicatoapag.cl\/sitio\/wp-json\/wp\/v2\/tags?post=989"}],"curies":[{"name":"wp","href":"https:\/\/api.w.org\/{rel}","templated":true}]}}