{"id":656,"date":"2024-08-26T12:50:42","date_gmt":"2024-08-26T16:50:42","guid":{"rendered":"https:\/\/sindicatoapag.cl\/sitio\/?p=656"},"modified":"2024-08-26T13:53:15","modified_gmt":"2024-08-26T17:53:15","slug":"resultados-votacion","status":"publish","type":"post","link":"https:\/\/sindicatoapag.cl\/sitio\/resultados-votacion\/","title":{"rendered":"Resultados Votaci\u00f3n"},"content":{"rendered":"<p><img loading=\"lazy\" decoding=\"async\" class=\"aligncenter size-full wp-image-658\" src=\"https:\/\/sindicatoapag.cl\/sitio\/wp-content\/uploads\/2024\/08\/apag-correa.jpg\" alt=\"\" width=\"660\" height=\"330\" srcset=\"https:\/\/sindicatoapag.cl\/sitio\/wp-content\/uploads\/2024\/08\/apag-correa.jpg 660w, https:\/\/sindicatoapag.cl\/sitio\/wp-content\/uploads\/2024\/08\/apag-correa-300x150.jpg 300w\" sizes=\"auto, (max-width: 660px) 100vw, 660px\" \/><\/p>\n<p>Estimados socios:<\/p>\n<p>Queremos dar a conocer los resultados de la \u00faltima votaci\u00f3n supervisada por Vota Latam y la Inspecci\u00f3n del Trabajo para cubrir la vacante dejada por Rodrigo Galaz. En esta oportunidad, se presentaron tres socios como candidatos:<\/p>\n<p>\u2022 Sabina Rosas, Asesora Especialista en Gran Avenida P20<br \/>\n\u2022 Nicol\u00e1s Manr\u00edquez, Gerente de Tienda La Florida El Mirador<br \/>\n\u2022 Jos\u00e9 Luis Correa, Gerente de Tienda La Florida 1<\/p>\n<p>La votaci\u00f3n fue muy cerrada y finalmente Don Jos\u00e9 Luis Correa ha sido elegido para ocupar el cargo, obteniendo la mayor\u00eda de los votos por un margen m\u00ednimo.<\/p>\n<p><img loading=\"lazy\" decoding=\"async\" class=\"aligncenter size-full wp-image-657\" src=\"https:\/\/sindicatoapag.cl\/sitio\/wp-content\/uploads\/2024\/08\/hinojosa.jpg\" alt=\"\" width=\"350\" height=\"350\" srcset=\"https:\/\/sindicatoapag.cl\/sitio\/wp-content\/uploads\/2024\/08\/hinojosa.jpg 350w, https:\/\/sindicatoapag.cl\/sitio\/wp-content\/uploads\/2024\/08\/hinojosa-300x300.jpg 300w, https:\/\/sindicatoapag.cl\/sitio\/wp-content\/uploads\/2024\/08\/hinojosa-150x150.jpg 150w\" sizes=\"auto, (max-width: 350px) 100vw, 350px\" \/><\/p>\n<p>Nos complace presentar a <strong>Jos\u00e9 Luis Correa Hinojosa<\/strong>, un experimentado profesional de 42 a\u00f1os y padre de dos hijos, quien ha dedicado 9 a\u00f1os de su vida a nuestra compa\u00f1\u00eda. Jos\u00e9 Luis comenz\u00f3 su carrera en nuestra empresa como Gerente Trainer, destac\u00e1ndose por su excepcional compromiso y su habilidad para apoyar diversas \u00e1reas de la organizaci\u00f3n.<\/p>\n<p>A lo largo de su trayectoria, ha demostrado un gran desempe\u00f1o y liderazgo, lo que le ha permitido avanzar hasta su posici\u00f3n actual como Gerente de Tienda en La Florida. Su s\u00f3lida carrera y su continuo deseo de crecer profesionalmente lo han llevado a postularse para el cargo de dirigente. Con su experiencia y su dedicaci\u00f3n, Jos\u00e9 Luis est\u00e1 decidido a aportar valor y seguir contribuyendo al \u00e9xito de la compa\u00f1\u00eda.<\/p>\n<p><img loading=\"lazy\" decoding=\"async\" class=\"aligncenter size-full wp-image-660\" src=\"https:\/\/sindicatoapag.cl\/sitio\/wp-content\/uploads\/2024\/08\/certificado.jpg\" alt=\"\" width=\"404\" height=\"584\" srcset=\"https:\/\/sindicatoapag.cl\/sitio\/wp-content\/uploads\/2024\/08\/certificado.jpg 404w, https:\/\/sindicatoapag.cl\/sitio\/wp-content\/uploads\/2024\/08\/certificado-208x300.jpg 208w\" sizes=\"auto, (max-width: 404px) 100vw, 404px\" \/><\/p>\n<p>Agradecemos sinceramente su participaci\u00f3n en este proceso y su continuo compromiso con nuestra organizaci\u00f3n.<\/p>\n<p>Atentamente,<\/p>\n<p>Sindicato APAG<\/p>\n<p>&nbsp;<\/p>\n","protected":false},"excerpt":{"rendered":"<p>Estimados socios: Queremos dar a conocer los resultados de la \u00faltima votaci\u00f3n supervisada por Vota Latam y la Inspecci\u00f3n del Trabajo para cubrir la vacante dejada por Rodrigo Galaz. En esta oportunidad, se presentaron tres socios como candidatos: \u2022 Sabina Rosas, Asesora Especialista en Gran Avenida P20 \u2022 Nicol\u00e1s Manr\u00edquez, Gerente de Tienda La Florida &hellip;<\/p>\n","protected":false},"author":1,"featured_media":658,"comment_status":"open","ping_status":"open","sticky":false,"template":"","format":"standard","meta":{"footnotes":""},"categories":[21,1,14],"tags":[],"class_list":["post-656","post","type-post","status-publish","format-standard","has-post-thumbnail","","category-21","category-noticias","category-noticiasdelsindicato"],"publishpress_future_action":{"enabled":false,"date":"2026-05-06 22:15:39","action":"change-status","newStatus":"draft","terms":[],"taxonomy":"category","extraData":[]},"publishpress_future_workflow_manual_trigger":{"enabledWorkflows":[]},"_links":{"self":[{"href":"https:\/\/sindicatoapag.cl\/sitio\/wp-json\/wp\/v2\/posts\/656","targetHints":{"allow":["GET"]}}],"collection":[{"href":"https:\/\/sindicatoapag.cl\/sitio\/wp-json\/wp\/v2\/posts"}],"about":[{"href":"https:\/\/sindicatoapag.cl\/sitio\/wp-json\/wp\/v2\/types\/post"}],"author":[{"embeddable":true,"href":"https:\/\/sindicatoapag.cl\/sitio\/wp-json\/wp\/v2\/users\/1"}],"replies":[{"embeddable":true,"href":"https:\/\/sindicatoapag.cl\/sitio\/wp-json\/wp\/v2\/comments?post=656"}],"version-history":[{"count":3,"href":"https:\/\/sindicatoapag.cl\/sitio\/wp-json\/wp\/v2\/posts\/656\/revisions"}],"predecessor-version":[{"id":662,"href":"https:\/\/sindicatoapag.cl\/sitio\/wp-json\/wp\/v2\/posts\/656\/revisions\/662"}],"wp:featuredmedia":[{"embeddable":true,"href":"https:\/\/sindicatoapag.cl\/sitio\/wp-json\/wp\/v2\/media\/658"}],"wp:attachment":[{"href":"https:\/\/sindicatoapag.cl\/sitio\/wp-json\/wp\/v2\/media?parent=656"}],"wp:term":[{"taxonomy":"category","embeddable":true,"href":"https:\/\/sindicatoapag.cl\/sitio\/wp-json\/wp\/v2\/categories?post=656"},{"taxonomy":"post_tag","embeddable":true,"href":"https:\/\/sindicatoapag.cl\/sitio\/wp-json\/wp\/v2\/tags?post=656"}],"curies":[{"name":"wp","href":"https:\/\/api.w.org\/{rel}","templated":true}]}}