{"id":559,"date":"2024-01-05T16:43:49","date_gmt":"2024-01-05T19:43:49","guid":{"rendered":"https:\/\/sindicatoapag.cl\/sitio\/?p=559"},"modified":"2024-10-30T18:00:18","modified_gmt":"2024-10-30T21:00:18","slug":"asamblea-general-informativa","status":"publish","type":"post","link":"https:\/\/sindicatoapag.cl\/sitio\/asamblea-general-informativa\/","title":{"rendered":"Asamblea General Informativa"},"content":{"rendered":"<p><img loading=\"lazy\" decoding=\"async\" class=\"alignnone size-full wp-image-560 aligncenter\" src=\"https:\/\/sindicatoapag.cl\/sitio\/wp-content\/uploads\/2024\/01\/asamblea-060124.jpg\" alt=\"\" width=\"660\" height=\"330\" srcset=\"https:\/\/sindicatoapag.cl\/sitio\/wp-content\/uploads\/2024\/01\/asamblea-060124.jpg 660w, https:\/\/sindicatoapag.cl\/sitio\/wp-content\/uploads\/2024\/01\/asamblea-060124-300x150.jpg 300w\" sizes=\"auto, (max-width: 660px) 100vw, 660px\" \/><\/p>\n<p>Estimados socios y socias, <strong>se cita a Asamblea General Informativa el d\u00eda s\u00e1bado 06 de diciembre, a la 20:00 hrs<\/strong>; la que se realizar\u00e1\u00a0<strong>v\u00eda Zoom<\/strong>.<\/p>\n<p>Contamos con su presencia.<\/p>\n<p>Cordialmente,<\/p>\n<p>La Directiva<\/p>\n","protected":false},"excerpt":{"rendered":"<p>Estimados socios y socias, se cita a Asamblea General Informativa el d\u00eda s\u00e1bado 06 de diciembre, a la 20:00 hrs; la que se realizar\u00e1\u00a0v\u00eda Zoom. Contamos con su presencia. Cordialmente, La Directiva<\/p>\n","protected":false},"author":1,"featured_media":560,"comment_status":"open","ping_status":"open","sticky":false,"template":"","format":"standard","meta":{"footnotes":""},"categories":[21,3],"tags":[],"class_list":["post-559","post","type-post","status-publish","format-standard","has-post-thumbnail","","category-21","category-negociacioncolectiva"],"publishpress_future_action":{"enabled":false,"date":"2026-05-06 19:35:40","action":"change-status","newStatus":"draft","terms":[],"taxonomy":"category","extraData":[]},"publishpress_future_workflow_manual_trigger":{"enabledWorkflows":[]},"_links":{"self":[{"href":"https:\/\/sindicatoapag.cl\/sitio\/wp-json\/wp\/v2\/posts\/559","targetHints":{"allow":["GET"]}}],"collection":[{"href":"https:\/\/sindicatoapag.cl\/sitio\/wp-json\/wp\/v2\/posts"}],"about":[{"href":"https:\/\/sindicatoapag.cl\/sitio\/wp-json\/wp\/v2\/types\/post"}],"author":[{"embeddable":true,"href":"https:\/\/sindicatoapag.cl\/sitio\/wp-json\/wp\/v2\/users\/1"}],"replies":[{"embeddable":true,"href":"https:\/\/sindicatoapag.cl\/sitio\/wp-json\/wp\/v2\/comments?post=559"}],"version-history":[{"count":1,"href":"https:\/\/sindicatoapag.cl\/sitio\/wp-json\/wp\/v2\/posts\/559\/revisions"}],"predecessor-version":[{"id":561,"href":"https:\/\/sindicatoapag.cl\/sitio\/wp-json\/wp\/v2\/posts\/559\/revisions\/561"}],"wp:featuredmedia":[{"embeddable":true,"href":"https:\/\/sindicatoapag.cl\/sitio\/wp-json\/wp\/v2\/media\/560"}],"wp:attachment":[{"href":"https:\/\/sindicatoapag.cl\/sitio\/wp-json\/wp\/v2\/media?parent=559"}],"wp:term":[{"taxonomy":"category","embeddable":true,"href":"https:\/\/sindicatoapag.cl\/sitio\/wp-json\/wp\/v2\/categories?post=559"},{"taxonomy":"post_tag","embeddable":true,"href":"https:\/\/sindicatoapag.cl\/sitio\/wp-json\/wp\/v2\/tags?post=559"}],"curies":[{"name":"wp","href":"https:\/\/api.w.org\/{rel}","templated":true}]}}