{"id":557,"date":"2024-01-05T09:39:20","date_gmt":"2024-01-05T12:39:20","guid":{"rendered":"https:\/\/sindicatoapag.cl\/sitio\/?p=557"},"modified":"2024-06-14T15:12:32","modified_gmt":"2024-06-14T19:12:32","slug":"sindicato-apag-informa-2","status":"publish","type":"post","link":"https:\/\/sindicatoapag.cl\/sitio\/sindicato-apag-informa-2\/","title":{"rendered":"Sindicato APAG informa"},"content":{"rendered":"<p><img loading=\"lazy\" decoding=\"async\" class=\"alignnone size-full wp-image-517\" src=\"https:\/\/sindicatoapag.cl\/sitio\/wp-content\/uploads\/2023\/11\/informa-comunicado.jpg\" alt=\"\" width=\"660\" height=\"330\" srcset=\"https:\/\/sindicatoapag.cl\/sitio\/wp-content\/uploads\/2023\/11\/informa-comunicado.jpg 660w, https:\/\/sindicatoapag.cl\/sitio\/wp-content\/uploads\/2023\/11\/informa-comunicado-300x150.jpg 300w\" sizes=\"auto, (max-width: 660px) 100vw, 660px\" \/><\/p>\n<p>Queremos informarles que, tras nuestra decisi\u00f3n de votar a favor de la huelga, actualmente estamos en un per\u00edodo crucial de mediaci\u00f3n. Este proceso comenz\u00f3 el 2 de enero y se extender\u00e1 hasta el 8 de enero. Durante estos cinco d\u00edas, estamos comprometidos en buscar soluciones y llegar a un acuerdo satisfactorio para todas las partes involucradas.<\/p>\n<p>Es importante resaltar que, una vez finalizado este per\u00edodo de mediaci\u00f3n, convocaremos a una asamblea para discutir los resultados y determinar los pr\u00f3ximos pasos a seguir. Esta asamblea ser\u00e1 una oportunidad crucial para evaluar la situaci\u00f3n y tomar decisiones informadas sobre nuestro futuro colectivo.<\/p>\n<p>Agradecemos su atenci\u00f3n y compromiso continuo con esta causa. Es esencial mantenernos unidos y comunicados durante este proceso. Pronto les proporcionaremos m\u00e1s detalles sobre la asamblea, incluyendo la fecha y el lugar de encuentro.<\/p>\n<p>Atentamente,<\/p>\n<p>Sindicato APAG<\/p>\n","protected":false},"excerpt":{"rendered":"<p>Queremos informarles que, tras nuestra decisi\u00f3n de votar a favor de la huelga, actualmente estamos en un per\u00edodo crucial de mediaci\u00f3n. Este proceso comenz\u00f3 el 2 de enero y se extender\u00e1 hasta el 8 de enero. Durante estos cinco d\u00edas, estamos comprometidos en buscar soluciones y llegar a un acuerdo satisfactorio para todas las partes &hellip;<\/p>\n","protected":false},"author":1,"featured_media":517,"comment_status":"open","ping_status":"open","sticky":false,"template":"","format":"standard","meta":{"footnotes":""},"categories":[21,3,1,14],"tags":[],"class_list":["post-557","post","type-post","status-publish","format-standard","has-post-thumbnail","","category-21","category-negociacioncolectiva","category-noticias","category-noticiasdelsindicato"],"publishpress_future_action":{"enabled":false,"date":"2026-05-06 19:36:09","action":"change-status","newStatus":"draft","terms":[],"taxonomy":"category","extraData":[]},"publishpress_future_workflow_manual_trigger":{"enabledWorkflows":[]},"_links":{"self":[{"href":"https:\/\/sindicatoapag.cl\/sitio\/wp-json\/wp\/v2\/posts\/557","targetHints":{"allow":["GET"]}}],"collection":[{"href":"https:\/\/sindicatoapag.cl\/sitio\/wp-json\/wp\/v2\/posts"}],"about":[{"href":"https:\/\/sindicatoapag.cl\/sitio\/wp-json\/wp\/v2\/types\/post"}],"author":[{"embeddable":true,"href":"https:\/\/sindicatoapag.cl\/sitio\/wp-json\/wp\/v2\/users\/1"}],"replies":[{"embeddable":true,"href":"https:\/\/sindicatoapag.cl\/sitio\/wp-json\/wp\/v2\/comments?post=557"}],"version-history":[{"count":1,"href":"https:\/\/sindicatoapag.cl\/sitio\/wp-json\/wp\/v2\/posts\/557\/revisions"}],"predecessor-version":[{"id":558,"href":"https:\/\/sindicatoapag.cl\/sitio\/wp-json\/wp\/v2\/posts\/557\/revisions\/558"}],"wp:featuredmedia":[{"embeddable":true,"href":"https:\/\/sindicatoapag.cl\/sitio\/wp-json\/wp\/v2\/media\/517"}],"wp:attachment":[{"href":"https:\/\/sindicatoapag.cl\/sitio\/wp-json\/wp\/v2\/media?parent=557"}],"wp:term":[{"taxonomy":"category","embeddable":true,"href":"https:\/\/sindicatoapag.cl\/sitio\/wp-json\/wp\/v2\/categories?post=557"},{"taxonomy":"post_tag","embeddable":true,"href":"https:\/\/sindicatoapag.cl\/sitio\/wp-json\/wp\/v2\/tags?post=557"}],"curies":[{"name":"wp","href":"https:\/\/api.w.org\/{rel}","templated":true}]}}