{"id":530,"date":"2023-12-11T00:26:12","date_gmt":"2023-12-11T03:26:12","guid":{"rendered":"https:\/\/sindicatoapag.cl\/sitio\/?p=530"},"modified":"2024-10-30T18:02:06","modified_gmt":"2024-10-30T21:02:06","slug":"asamblea-2","status":"publish","type":"post","link":"https:\/\/sindicatoapag.cl\/sitio\/asamblea-2\/","title":{"rendered":"Asamblea"},"content":{"rendered":"<p><img loading=\"lazy\" decoding=\"async\" class=\"alignnone size-full wp-image-531 aligncenter\" src=\"https:\/\/sindicatoapag.cl\/sitio\/wp-content\/uploads\/2023\/12\/asamblea.jpg\" alt=\"\" width=\"660\" height=\"330\" srcset=\"https:\/\/sindicatoapag.cl\/sitio\/wp-content\/uploads\/2023\/12\/asamblea.jpg 660w, https:\/\/sindicatoapag.cl\/sitio\/wp-content\/uploads\/2023\/12\/asamblea-300x150.jpg 300w\" sizes=\"auto, (max-width: 660px) 100vw, 660px\" \/><\/p>\n<p>Estimados socias y socios, <strong>se cita a Asamblea el d\u00eda martes 12 de diciembre, a la 20:00<\/strong>; La que se realizar\u00e1 <strong>v\u00eda Zoom<\/strong>.<\/p>\n<p>Contamos con su presencia.<\/p>\n<p>Cordialmente,<\/p>\n<p>La Directiva<\/p>\n","protected":false},"excerpt":{"rendered":"<p>Estimados socias y socios, se cita a Asamblea el d\u00eda martes 12 de diciembre, a la 20:00; La que se realizar\u00e1 v\u00eda Zoom. Contamos con su presencia. Cordialmente, La Directiva<\/p>\n","protected":false},"author":1,"featured_media":531,"comment_status":"open","ping_status":"open","sticky":false,"template":"","format":"standard","meta":{"footnotes":""},"categories":[9],"tags":[],"class_list":["post-530","post","type-post","status-publish","format-standard","has-post-thumbnail","","category-9"],"publishpress_future_action":{"enabled":false,"date":"2026-05-06 20:55:46","action":"change-status","newStatus":"draft","terms":[],"taxonomy":"category","extraData":[]},"publishpress_future_workflow_manual_trigger":{"enabledWorkflows":[]},"_links":{"self":[{"href":"https:\/\/sindicatoapag.cl\/sitio\/wp-json\/wp\/v2\/posts\/530","targetHints":{"allow":["GET"]}}],"collection":[{"href":"https:\/\/sindicatoapag.cl\/sitio\/wp-json\/wp\/v2\/posts"}],"about":[{"href":"https:\/\/sindicatoapag.cl\/sitio\/wp-json\/wp\/v2\/types\/post"}],"author":[{"embeddable":true,"href":"https:\/\/sindicatoapag.cl\/sitio\/wp-json\/wp\/v2\/users\/1"}],"replies":[{"embeddable":true,"href":"https:\/\/sindicatoapag.cl\/sitio\/wp-json\/wp\/v2\/comments?post=530"}],"version-history":[{"count":3,"href":"https:\/\/sindicatoapag.cl\/sitio\/wp-json\/wp\/v2\/posts\/530\/revisions"}],"predecessor-version":[{"id":536,"href":"https:\/\/sindicatoapag.cl\/sitio\/wp-json\/wp\/v2\/posts\/530\/revisions\/536"}],"wp:featuredmedia":[{"embeddable":true,"href":"https:\/\/sindicatoapag.cl\/sitio\/wp-json\/wp\/v2\/media\/531"}],"wp:attachment":[{"href":"https:\/\/sindicatoapag.cl\/sitio\/wp-json\/wp\/v2\/media?parent=530"}],"wp:term":[{"taxonomy":"category","embeddable":true,"href":"https:\/\/sindicatoapag.cl\/sitio\/wp-json\/wp\/v2\/categories?post=530"},{"taxonomy":"post_tag","embeddable":true,"href":"https:\/\/sindicatoapag.cl\/sitio\/wp-json\/wp\/v2\/tags?post=530"}],"curies":[{"name":"wp","href":"https:\/\/api.w.org\/{rel}","templated":true}]}}