{"id":479,"date":"2023-08-09T11:54:01","date_gmt":"2023-08-09T15:54:01","guid":{"rendered":"https:\/\/sindicatoapag.cl\/sitio\/?p=479"},"modified":"2024-10-29T16:58:54","modified_gmt":"2024-10-29T19:58:54","slug":"obra-cazador-de-dragones","status":"publish","type":"post","link":"https:\/\/sindicatoapag.cl\/sitio\/obra-cazador-de-dragones\/","title":{"rendered":"Obra: Cazador de Dragones"},"content":{"rendered":"<p><img loading=\"lazy\" decoding=\"async\" class=\"alignnone size-full wp-image-483 aligncenter\" src=\"https:\/\/sindicatoapag.cl\/sitio\/wp-content\/uploads\/2023\/08\/cazador-dragones2.jpg\" alt=\"\" width=\"660\" height=\"351\" srcset=\"https:\/\/sindicatoapag.cl\/sitio\/wp-content\/uploads\/2023\/08\/cazador-dragones2.jpg 660w, https:\/\/sindicatoapag.cl\/sitio\/wp-content\/uploads\/2023\/08\/cazador-dragones2-300x160.jpg 300w, https:\/\/sindicatoapag.cl\/sitio\/wp-content\/uploads\/2023\/08\/cazador-dragones2-310x165.jpg 310w\" sizes=\"auto, (max-width: 660px) 100vw, 660px\" \/><\/p>\n<p>Estimados socios y socias, queremos informarles de forma anticipada que difundiremos una actividad para asistir a una obra de teatro cuya tem\u00e1tica y actividad est\u00e1 dirigida a hijas e hijos de nuestros trabajadores. Si bien haremos m\u00e1s de una funci\u00f3n tendremos cupos limitados.<\/p>\n<p>A continuaci\u00f3n les dejamos detalles de la actividad que esta organizando Gerencia de Personas.<\/p>\n<p><strong>Nombre de la Obra:<\/strong> <em><span style=\"color: #ff0000;\">\u00abEl Cazador de Dragones\u00bb<\/span>.<\/em> La obra promueve valores como la amistad y antibulling con est\u00e9tica y m\u00fasica medieval.<\/p>\n<p><strong>Dirigida a:<\/strong> Hijos e hijas de trabajadores de hasta 12 a\u00f1os. Incluye el trabajador, m\u00e1s un acompa\u00f1ante.<\/p>\n<p><strong>D\u00eda:<\/strong> Domingo 20 de Agosto<\/p>\n<p><strong>Lugar:<\/strong> Centro Cultural San Guines<\/p>\n<p><strong>Direcci\u00f3n:<\/strong> Mallinkrodt 76, Barrio Bellavista. Providencia<\/p>\n<p><strong>Horario:<\/strong> 10:30 hrs.<\/p>\n<p>&nbsp;<\/p>\n","protected":false},"excerpt":{"rendered":"<p>Estimados socios y socias, queremos informarles de forma anticipada que difundiremos una actividad para asistir a una obra de teatro cuya tem\u00e1tica y actividad est\u00e1 dirigida a hijas e hijos de nuestros trabajadores. Si bien haremos m\u00e1s de una funci\u00f3n tendremos cupos limitados. A continuaci\u00f3n les dejamos detalles de la actividad que esta organizando Gerencia &hellip;<\/p>\n","protected":false},"author":1,"featured_media":483,"comment_status":"open","ping_status":"open","sticky":false,"template":"","format":"standard","meta":{"footnotes":""},"categories":[9],"tags":[],"class_list":["post-479","post","type-post","status-publish","format-standard","has-post-thumbnail","","category-9"],"publishpress_future_action":{"enabled":false,"date":"2026-05-06 20:55:29","action":"change-status","newStatus":"draft","terms":[],"taxonomy":"category","extraData":[]},"publishpress_future_workflow_manual_trigger":{"enabledWorkflows":[]},"_links":{"self":[{"href":"https:\/\/sindicatoapag.cl\/sitio\/wp-json\/wp\/v2\/posts\/479","targetHints":{"allow":["GET"]}}],"collection":[{"href":"https:\/\/sindicatoapag.cl\/sitio\/wp-json\/wp\/v2\/posts"}],"about":[{"href":"https:\/\/sindicatoapag.cl\/sitio\/wp-json\/wp\/v2\/types\/post"}],"author":[{"embeddable":true,"href":"https:\/\/sindicatoapag.cl\/sitio\/wp-json\/wp\/v2\/users\/1"}],"replies":[{"embeddable":true,"href":"https:\/\/sindicatoapag.cl\/sitio\/wp-json\/wp\/v2\/comments?post=479"}],"version-history":[{"count":4,"href":"https:\/\/sindicatoapag.cl\/sitio\/wp-json\/wp\/v2\/posts\/479\/revisions"}],"predecessor-version":[{"id":485,"href":"https:\/\/sindicatoapag.cl\/sitio\/wp-json\/wp\/v2\/posts\/479\/revisions\/485"}],"wp:featuredmedia":[{"embeddable":true,"href":"https:\/\/sindicatoapag.cl\/sitio\/wp-json\/wp\/v2\/media\/483"}],"wp:attachment":[{"href":"https:\/\/sindicatoapag.cl\/sitio\/wp-json\/wp\/v2\/media?parent=479"}],"wp:term":[{"taxonomy":"category","embeddable":true,"href":"https:\/\/sindicatoapag.cl\/sitio\/wp-json\/wp\/v2\/categories?post=479"},{"taxonomy":"post_tag","embeddable":true,"href":"https:\/\/sindicatoapag.cl\/sitio\/wp-json\/wp\/v2\/tags?post=479"}],"curies":[{"name":"wp","href":"https:\/\/api.w.org\/{rel}","templated":true}]}}