{"id":1202,"date":"2025-11-13T13:30:27","date_gmt":"2025-11-13T16:30:27","guid":{"rendered":"https:\/\/sindicatoapag.cl\/sitio\/?p=1202"},"modified":"2025-11-13T13:32:09","modified_gmt":"2025-11-13T16:32:09","slug":"es-feriado-irrenunciable-el-16-de-noviembre-por-las-elecciones","status":"publish","type":"post","link":"https:\/\/sindicatoapag.cl\/sitio\/es-feriado-irrenunciable-el-16-de-noviembre-por-las-elecciones\/","title":{"rendered":"\u00bfEs feriado irrenunciable el 16 de noviembre por las elecciones?"},"content":{"rendered":"<p><img loading=\"lazy\" decoding=\"async\" class=\"aligncenter size-full wp-image-1203\" src=\"https:\/\/sindicatoapag.cl\/sitio\/wp-content\/uploads\/2025\/11\/autoplanet.jpg\" alt=\"\" width=\"660\" height=\"330\" srcset=\"https:\/\/sindicatoapag.cl\/sitio\/wp-content\/uploads\/2025\/11\/autoplanet.jpg 660w, https:\/\/sindicatoapag.cl\/sitio\/wp-content\/uploads\/2025\/11\/autoplanet-300x150.jpg 300w\" sizes=\"auto, (max-width: 660px) 100vw, 660px\" \/><\/p>\n<p>Se trata de una pregunta recurrente en la antesala del proceso, considerando que de eso depende c\u00f3mo funcionar\u00e1 el comercio ese d\u00eda.<\/p>\n<p>Este\u00a0<mark><strong>domingo 16 de noviembre<\/strong><\/mark>\u00a0son las elecciones en nuestro pa\u00eds, jornada en la que la ciudadan\u00eda votar\u00e1 para elegir al\u00a0<strong>nuevo Presidente o Presidenta de la Rep\u00fablica<\/strong>, junto con 23 senadores o senadoras en siete regiones y 155 diputados y diputadas que integrar\u00e1n la C\u00e1mara.<\/p>\n<div>\n<div id=\"ads13_vimofy_desktop\" class=\"ads13\" data-name=\"ads13_vimofy\" data-is-full-name=\"0\" data-width=\"1\" data-height=\"1\" data-device=\"desktop,mobile\" data-iterable=\"0\" data-collapse=\"1\" data-google-query-id=\"CLT7w6fC75ADFbOsYQYdDJEx1w\">\n<div id=\"google_ads_iframe_\/112372207\/Desktop\/ads13_vimofy_desktop_0__container__\">A pocos d\u00edas del proceso reaparece una duda recurrente en torno a esta jornada: <strong>\u00bfEs feriado legal ese d\u00eda?<\/strong><\/div>\n<\/div>\n<\/div>\n<p>Una pregunta m\u00e1s que v\u00e1lida, considerando que de eso depende\u00a0<strong>c\u00f3mo funcionar\u00e1 el comercio este domingo, especialmente los supermercados y malls.<\/strong> Te explicamos qu\u00e9 establecimientos pueden operar con normalidad y cu\u00e1les deber\u00e1n permanecer cerrados este 16 de noviembre.<\/p>\n<h4><strong>Elecciones 2025: \u00bfFuncionar\u00e1n los supermercados y malls este domingo?<\/strong><\/h4>\n<p>De acuerdo con el\u00a0<a href=\"https:\/\/bcn.cl\/3cy7t\" target=\"_blank\" rel=\"noopener\"><u><strong>art\u00edculo 180<\/strong><\/u><\/a>\u00a0del DFL N\u00b02 (Decreto con Fuerza de Ley) \u2014que refunde, coordina y sistematiza la Ley 18.700, sobre votaciones populares y escrutinios\u2014\u00a0<strong>\u00abel d\u00eda que se fije para la realizaci\u00f3n de las elecciones y plebiscitos ser\u00e1 feriado legal\u00bb<\/strong>. Por lo tanto, este domingo 16 de noviembre tendr\u00e1 el car\u00e1cter de feriado legal en todo el territorio nacional.<\/p>\n<p>Eso dice la ley, pero qu\u00e9 significa en la pr\u00e1ctica. Seg\u00fan advirti\u00f3 esta semana la\u00a0<a href=\"https:\/\/www.dt.gob.cl\/portal\/1627\/w3-article-128519.html\" target=\"_blank\" rel=\"noopener\"><u><strong>Direcci\u00f3n del Trabajo (DT)<\/strong><\/u><\/a>, los malls y strip centers administrados bajo una misma raz\u00f3n social \u00ab<mark><strong>deber\u00e1n permanecer cerrados durante toda la jornada electoral<\/strong><\/mark>, desde las 21:00 horas del s\u00e1bado 15 hasta, al menos, las 06:00 horas del lunes 17 de noviembre\u00bb.<\/p>\n<p>Eso dice la ley, pero qu\u00e9 significa en la pr\u00e1ctica. Seg\u00fan advirti\u00f3 esta semana la\u00a0<a href=\"https:\/\/www.dt.gob.cl\/portal\/1627\/w3-article-128519.html\" target=\"_blank\" rel=\"noopener\"><u><strong>Direcci\u00f3n del Trabajo (DT)<\/strong><\/u><\/a>, los malls y strip centers administrados bajo una misma raz\u00f3n social \u00ab<mark><strong>deber\u00e1n permanecer cerrados durante toda la jornada electoral<\/strong><\/mark>, desde las 21:00 horas del s\u00e1bado 15 hasta, al menos, las 06:00 horas del lunes 17 de noviembre\u00bb.<\/p>\n<p>El resto del comercio, como supermercados (fuera del mall), grandes tiendas o locales independientes, \u00ab<strong>podr\u00e1 operara con normalidad<\/strong>, siempre garantizando el derecho de las y los trabajadores a ejercer su voto\u00bb, a\u00f1ade la DT.<\/p>\n<p>Para las Elecciones Primarias Presidenciales, en junio pasado, la C\u00e1mara de Comercio de Santiago (CCS) explic\u00f3 que\u00a0<strong>el d\u00eda de comicios es un feriado legal, no irrenunciable<\/strong>. Por eso un sector del comercio puede funcionar con normalidad, a excepci\u00f3n de los malls y strip centers administrados bajo una misma raz\u00f3n social,\u00a0<strong>a diferencia de los feriados obligatorios e irrenunciables<\/strong>\u00a0(como el 1 de mayo, el 18 de septiembre o la Navidad), en que todo el comercio permanece cerrado, salvo algunas excepciones.<\/p>\n<p>En resumen, podr\u00e1s realizar tus compras habituales de manera normal,\u00a0<strong>menos en los supermercados que est\u00e9n al interior de un centro comercial<\/strong>. Recuerda que malls y strip centers permanecer\u00e1n cerrados.<\/p>\n","protected":false},"excerpt":{"rendered":"<p>Se trata de una pregunta recurrente en la antesala del proceso, considerando que de eso depende c\u00f3mo funcionar\u00e1 el comercio ese d\u00eda. Este\u00a0domingo 16 de noviembre\u00a0son las elecciones en nuestro pa\u00eds, jornada en la que la ciudadan\u00eda votar\u00e1 para elegir al\u00a0nuevo Presidente o Presidenta de la Rep\u00fablica, junto con 23 senadores o senadoras en siete &hellip;<\/p>\n","protected":false},"author":1,"featured_media":1203,"comment_status":"open","ping_status":"open","sticky":false,"template":"","format":"standard","meta":{"footnotes":""},"categories":[23,1,14],"tags":[],"class_list":["post-1202","post","type-post","status-publish","format-standard","has-post-thumbnail","","category-23","category-noticias","category-noticiasdelsindicato"],"publishpress_future_action":{"enabled":false,"date":"2026-05-06 19:41:59","action":"change-status","newStatus":"draft","terms":[],"taxonomy":"category","extraData":[]},"publishpress_future_workflow_manual_trigger":{"enabledWorkflows":[]},"_links":{"self":[{"href":"https:\/\/sindicatoapag.cl\/sitio\/wp-json\/wp\/v2\/posts\/1202","targetHints":{"allow":["GET"]}}],"collection":[{"href":"https:\/\/sindicatoapag.cl\/sitio\/wp-json\/wp\/v2\/posts"}],"about":[{"href":"https:\/\/sindicatoapag.cl\/sitio\/wp-json\/wp\/v2\/types\/post"}],"author":[{"embeddable":true,"href":"https:\/\/sindicatoapag.cl\/sitio\/wp-json\/wp\/v2\/users\/1"}],"replies":[{"embeddable":true,"href":"https:\/\/sindicatoapag.cl\/sitio\/wp-json\/wp\/v2\/comments?post=1202"}],"version-history":[{"count":3,"href":"https:\/\/sindicatoapag.cl\/sitio\/wp-json\/wp\/v2\/posts\/1202\/revisions"}],"predecessor-version":[{"id":1206,"href":"https:\/\/sindicatoapag.cl\/sitio\/wp-json\/wp\/v2\/posts\/1202\/revisions\/1206"}],"wp:featuredmedia":[{"embeddable":true,"href":"https:\/\/sindicatoapag.cl\/sitio\/wp-json\/wp\/v2\/media\/1203"}],"wp:attachment":[{"href":"https:\/\/sindicatoapag.cl\/sitio\/wp-json\/wp\/v2\/media?parent=1202"}],"wp:term":[{"taxonomy":"category","embeddable":true,"href":"https:\/\/sindicatoapag.cl\/sitio\/wp-json\/wp\/v2\/categories?post=1202"},{"taxonomy":"post_tag","embeddable":true,"href":"https:\/\/sindicatoapag.cl\/sitio\/wp-json\/wp\/v2\/tags?post=1202"}],"curies":[{"name":"wp","href":"https:\/\/api.w.org\/{rel}","templated":true}]}}